{"id":77,"date":"2024-05-21T06:00:00","date_gmt":"2024-05-21T09:00:00","guid":{"rendered":"https:\/\/www.matraquinha.com\/blog\/?p=77"},"modified":"2024-05-06T15:16:20","modified_gmt":"2024-05-06T18:16:20","slug":"compreendendo-os-comportamentos-sensoriais-em-criancas-autistas","status":"publish","type":"post","link":"https:\/\/www.matraquinha.com\/blog\/compreendendo-os-comportamentos-sensoriais-em-criancas-autistas\/","title":{"rendered":"Compreendendo os Comportamentos Sensoriais em Crian\u00e7as Autistas"},"content":{"rendered":"\n<p>Para muitas crian\u00e7as <a href=\"https:\/\/www.matraquinha.com.br\/o-que-e-autismo\/\" target=\"_blank\" rel=\"noreferrer noopener\">autistas<\/a>, o mundo pode ser uma experi\u00eancia sensorial intensa e avassaladora. Neste artigo, vamos explorar os comportamentos sensoriais comuns em crian\u00e7as autistas e discutir maneiras de compreend\u00ea-los e apoi\u00e1-los de maneira eficaz.<\/p>\n\n\n\n<p><\/p>\n\n\n\n<ol class=\"wp-block-list\">\n<li><strong>Sensibilidades Sensoriais<\/strong><\/li>\n<\/ol>\n\n\n\n<p>Crian\u00e7as autistas frequentemente t\u00eam sensibilidades sensoriais aumentadas ou diminu\u00eddas em rela\u00e7\u00e3o aos est\u00edmulos do ambiente. Isso pode se manifestar de diversas formas, como hipersensibilidade ao toque, ao som, \u00e0 luz ou a certos cheiros, ou hipossensibilidade, onde a crian\u00e7a parece buscar est\u00edmulos sensoriais adicionais.<\/p>\n\n\n\n<p><\/p>\n\n\n\n<ol class=\"wp-block-list\" start=\"2\">\n<li><strong>Comportamentos de Evita\u00e7\u00e3o ou Busca<\/strong><\/li>\n<\/ol>\n\n\n\n<p>Para lidar com sensibilidades sensoriais intensas, as crian\u00e7as autistas podem exibir comportamentos de evita\u00e7\u00e3o, como cobrir os ouvidos em ambientes barulhentos ou evitar tocar em certas texturas. Por outro lado, algumas crian\u00e7as podem buscar ativamente est\u00edmulos sensoriais, como balan\u00e7ar o corpo, esfregar as m\u00e3os ou cheirar objetos.<\/p>\n\n\n\n<p><\/p>\n\n\n\n<ol class=\"wp-block-list\" start=\"3\">\n<li><strong>Estrat\u00e9gias de Autoregula\u00e7\u00e3o<\/strong><\/li>\n<\/ol>\n\n\n\n<p>\u00c9 importante reconhecer que esses comportamentos sensoriais s\u00e3o formas de autoregula\u00e7\u00e3o para a crian\u00e7a autista. Eles podem estar tentando se proteger de est\u00edmulos avassaladores ou buscar a estimula\u00e7\u00e3o sensorial que lhes falta. Identificar as necessidades sensoriais da crian\u00e7a e fornecer estrat\u00e9gias de autoregula\u00e7\u00e3o adequadas pode ajudar a reduzir a ansiedade e promover o bem-estar.<\/p>\n\n\n\n<p><\/p>\n\n\n\n<ol class=\"wp-block-list\" start=\"4\">\n<li><strong>Apoio e Ambienta\u00e7\u00e3o Amig\u00e1vel<\/strong><\/li>\n<\/ol>\n\n\n\n<p>Oferecer um ambiente adaptado e amig\u00e1vel pode fazer toda a diferen\u00e7a para uma crian\u00e7a autista. Isso pode incluir ajustes simples, como reduzir a ilumina\u00e7\u00e3o, minimizar ru\u00eddos desnecess\u00e1rios, fornecer \u00e1reas de descanso tranquilo e oferecer op\u00e7\u00f5es de estimula\u00e7\u00e3o sensorial controlada.<\/p>\n\n\n\n<p><\/p>\n\n\n\n<ol class=\"wp-block-list\" start=\"5\">\n<li><strong>Comunica\u00e7\u00e3o e Respeito<\/strong><\/li>\n<\/ol>\n\n\n\n<p>Finalmente, \u00e9 crucial comunicar-se de forma clara e respeitosa com a crian\u00e7a autista sobre suas necessidades sensoriais. Isso pode envolver o uso de <a href=\"https:\/\/www.matraquinha.com.br\/loja-virtual\/\" target=\"_blank\" rel=\"noreferrer noopener\">comunica\u00e7\u00e3o visual<\/a>, como cart\u00f5es de comunica\u00e7\u00e3o, para expressar prefer\u00eancias e limita\u00e7\u00f5es sensoriais, e respeitar seus sinais de desconforto ou sobrecarga sensorial.<\/p>\n\n\n\n<p><\/p>\n\n\n\n<p>Em suma, compreender e apoiar os comportamentos sensoriais em crian\u00e7as autistas \u00e9 fundamental para promover seu bem-estar e qualidade de vida. Ao reconhecer suas necessidades individuais e fornecer um ambiente adaptado e respeitoso, podemos ajud\u00e1-las a prosperar em um mundo sensorialmente diverso.<\/p>\n","protected":false},"excerpt":{"rendered":"<p>Para muitas crian\u00e7as autistas, o mundo pode ser uma experi\u00eancia sensorial intensa e avassaladora. Neste artigo, vamos explorar os comportamentos<\/p>\n","protected":false},"author":2,"featured_media":78,"comment_status":"closed","ping_status":"closed","sticky":false,"template":"","format":"standard","meta":{"colormag_page_container_layout":"default_layout","colormag_page_sidebar_layout":"default_layout","footnotes":""},"categories":[7],"tags":[],"class_list":["post-77","post","type-post","status-publish","format-standard","has-post-thumbnail","hentry","category-artigos"],"yoast_head":"<!-- This site is optimized with the Yoast SEO plugin v27.4 - https:\/\/yoast.com\/product\/yoast-seo-wordpress\/ -->\n<title>Compreendendo os Comportamentos Sensoriais em Crian\u00e7as Autistas - Blog da Matraquinha<\/title>\n<meta name=\"description\" content=\"Explore os mist\u00e9rios por tr\u00e1s dos comportamentos sensoriais em crian\u00e7as autistas. Descubra estrat\u00e9gias eficazes para compreender e apoiar...\" \/>\n<meta name=\"robots\" content=\"index, follow, max-snippet:-1, max-image-preview:large, max-video-preview:-1\" \/>\n<link rel=\"canonical\" href=\"https:\/\/www.matraquinha.com\/blog\/compreendendo-os-comportamentos-sensoriais-em-criancas-autistas\/\" \/>\n<meta property=\"og:locale\" content=\"pt_BR\" \/>\n<meta property=\"og:type\" content=\"article\" \/>\n<meta property=\"og:title\" content=\"Compreendendo os Comportamentos Sensoriais em Crian\u00e7as Autistas - Blog da Matraquinha\" \/>\n<meta property=\"og:description\" content=\"Explore os mist\u00e9rios por tr\u00e1s dos comportamentos sensoriais em crian\u00e7as autistas. Descubra estrat\u00e9gias eficazes para compreender e apoiar...\" \/>\n<meta property=\"og:url\" content=\"https:\/\/www.matraquinha.com\/blog\/compreendendo-os-comportamentos-sensoriais-em-criancas-autistas\/\" \/>\n<meta property=\"og:site_name\" content=\"Blog da Matraquinha\" \/>\n<meta property=\"article:publisher\" content=\"https:\/\/www.facebook.com\/matraquinhaoficial\" \/>\n<meta property=\"article:published_time\" content=\"2024-05-21T09:00:00+00:00\" \/>\n<meta property=\"og:image\" content=\"https:\/\/www.matraquinha.com\/blog\/wp-content\/uploads\/2024\/05\/sensorial.jpg\" \/>\n\t<meta property=\"og:image:width\" content=\"1024\" \/>\n\t<meta property=\"og:image:height\" content=\"576\" \/>\n\t<meta property=\"og:image:type\" content=\"image\/jpeg\" \/>\n<meta name=\"author\" content=\"Wagner Yamuto\" \/>\n<meta name=\"twitter:card\" content=\"summary_large_image\" \/>\n<meta name=\"twitter:label1\" content=\"Escrito por\" \/>\n\t<meta name=\"twitter:data1\" content=\"Wagner Yamuto\" \/>\n\t<meta name=\"twitter:label2\" content=\"Est. tempo de leitura\" \/>\n\t<meta name=\"twitter:data2\" content=\"2 minutos\" \/>\n<script type=\"application\/ld+json\" class=\"yoast-schema-graph\">{\"@context\":\"https:\\\/\\\/schema.org\",\"@graph\":[{\"@type\":\"Article\",\"@id\":\"https:\\\/\\\/www.matraquinha.com\\\/blog\\\/compreendendo-os-comportamentos-sensoriais-em-criancas-autistas\\\/#article\",\"isPartOf\":{\"@id\":\"https:\\\/\\\/www.matraquinha.com\\\/blog\\\/compreendendo-os-comportamentos-sensoriais-em-criancas-autistas\\\/\"},\"author\":{\"name\":\"Wagner Yamuto\",\"@id\":\"https:\\\/\\\/www.matraquinha.com\\\/blog\\\/#\\\/schema\\\/person\\\/1e240d59f611399cf8b47cecc50ff22a\"},\"headline\":\"Compreendendo os Comportamentos Sensoriais em Crian\u00e7as Autistas\",\"datePublished\":\"2024-05-21T09:00:00+00:00\",\"mainEntityOfPage\":{\"@id\":\"https:\\\/\\\/www.matraquinha.com\\\/blog\\\/compreendendo-os-comportamentos-sensoriais-em-criancas-autistas\\\/\"},\"wordCount\":374,\"publisher\":{\"@id\":\"https:\\\/\\\/www.matraquinha.com\\\/blog\\\/#organization\"},\"image\":{\"@id\":\"https:\\\/\\\/www.matraquinha.com\\\/blog\\\/compreendendo-os-comportamentos-sensoriais-em-criancas-autistas\\\/#primaryimage\"},\"thumbnailUrl\":\"https:\\\/\\\/www.matraquinha.com\\\/blog\\\/wp-content\\\/uploads\\\/2024\\\/05\\\/sensorial.jpg\",\"articleSection\":[\"Artigos\"],\"inLanguage\":\"pt-BR\"},{\"@type\":\"WebPage\",\"@id\":\"https:\\\/\\\/www.matraquinha.com\\\/blog\\\/compreendendo-os-comportamentos-sensoriais-em-criancas-autistas\\\/\",\"url\":\"https:\\\/\\\/www.matraquinha.com\\\/blog\\\/compreendendo-os-comportamentos-sensoriais-em-criancas-autistas\\\/\",\"name\":\"Compreendendo os Comportamentos Sensoriais em Crian\u00e7as Autistas - Blog da Matraquinha\",\"isPartOf\":{\"@id\":\"https:\\\/\\\/www.matraquinha.com\\\/blog\\\/#website\"},\"primaryImageOfPage\":{\"@id\":\"https:\\\/\\\/www.matraquinha.com\\\/blog\\\/compreendendo-os-comportamentos-sensoriais-em-criancas-autistas\\\/#primaryimage\"},\"image\":{\"@id\":\"https:\\\/\\\/www.matraquinha.com\\\/blog\\\/compreendendo-os-comportamentos-sensoriais-em-criancas-autistas\\\/#primaryimage\"},\"thumbnailUrl\":\"https:\\\/\\\/www.matraquinha.com\\\/blog\\\/wp-content\\\/uploads\\\/2024\\\/05\\\/sensorial.jpg\",\"datePublished\":\"2024-05-21T09:00:00+00:00\",\"description\":\"Explore os mist\u00e9rios por tr\u00e1s dos comportamentos sensoriais em crian\u00e7as autistas. Descubra estrat\u00e9gias eficazes para compreender e apoiar...\",\"breadcrumb\":{\"@id\":\"https:\\\/\\\/www.matraquinha.com\\\/blog\\\/compreendendo-os-comportamentos-sensoriais-em-criancas-autistas\\\/#breadcrumb\"},\"inLanguage\":\"pt-BR\",\"potentialAction\":[{\"@type\":\"ReadAction\",\"target\":[\"https:\\\/\\\/www.matraquinha.com\\\/blog\\\/compreendendo-os-comportamentos-sensoriais-em-criancas-autistas\\\/\"]}]},{\"@type\":\"ImageObject\",\"inLanguage\":\"pt-BR\",\"@id\":\"https:\\\/\\\/www.matraquinha.com\\\/blog\\\/compreendendo-os-comportamentos-sensoriais-em-criancas-autistas\\\/#primaryimage\",\"url\":\"https:\\\/\\\/www.matraquinha.com\\\/blog\\\/wp-content\\\/uploads\\\/2024\\\/05\\\/sensorial.jpg\",\"contentUrl\":\"https:\\\/\\\/www.matraquinha.com\\\/blog\\\/wp-content\\\/uploads\\\/2024\\\/05\\\/sensorial.jpg\",\"width\":1024,\"height\":576},{\"@type\":\"BreadcrumbList\",\"@id\":\"https:\\\/\\\/www.matraquinha.com\\\/blog\\\/compreendendo-os-comportamentos-sensoriais-em-criancas-autistas\\\/#breadcrumb\",\"itemListElement\":[{\"@type\":\"ListItem\",\"position\":1,\"name\":\"In\u00edcio\",\"item\":\"https:\\\/\\\/www.matraquinha.com\\\/blog\\\/\"},{\"@type\":\"ListItem\",\"position\":2,\"name\":\"Compreendendo os Comportamentos Sensoriais em Crian\u00e7as Autistas\"}]},{\"@type\":\"WebSite\",\"@id\":\"https:\\\/\\\/www.matraquinha.com\\\/blog\\\/#website\",\"url\":\"https:\\\/\\\/www.matraquinha.com\\\/blog\\\/\",\"name\":\"Blog da Matraquinha\",\"description\":\"No blog da Matraquinha, voc\u00ea encontrar\u00e1 conte\u00fados enriquecedores e educativos para apoiar crian\u00e7as e adolescentes com autismo em sua jornada de comunica\u00e7\u00e3o e desenvolvimento.\",\"publisher\":{\"@id\":\"https:\\\/\\\/www.matraquinha.com\\\/blog\\\/#organization\"},\"potentialAction\":[{\"@type\":\"SearchAction\",\"target\":{\"@type\":\"EntryPoint\",\"urlTemplate\":\"https:\\\/\\\/www.matraquinha.com\\\/blog\\\/?s={search_term_string}\"},\"query-input\":{\"@type\":\"PropertyValueSpecification\",\"valueRequired\":true,\"valueName\":\"search_term_string\"}}],\"inLanguage\":\"pt-BR\"},{\"@type\":\"Organization\",\"@id\":\"https:\\\/\\\/www.matraquinha.com\\\/blog\\\/#organization\",\"name\":\"Blog da Matraquinha\",\"url\":\"https:\\\/\\\/www.matraquinha.com\\\/blog\\\/\",\"logo\":{\"@type\":\"ImageObject\",\"inLanguage\":\"pt-BR\",\"@id\":\"https:\\\/\\\/www.matraquinha.com\\\/blog\\\/#\\\/schema\\\/logo\\\/image\\\/\",\"url\":\"https:\\\/\\\/www.matraquinha.com\\\/blog\\\/wp-content\\\/uploads\\\/2024\\\/04\\\/LogoMatraquinha19201080.png\",\"contentUrl\":\"https:\\\/\\\/www.matraquinha.com\\\/blog\\\/wp-content\\\/uploads\\\/2024\\\/04\\\/LogoMatraquinha19201080.png\",\"width\":1920,\"height\":1080,\"caption\":\"Blog da Matraquinha\"},\"image\":{\"@id\":\"https:\\\/\\\/www.matraquinha.com\\\/blog\\\/#\\\/schema\\\/logo\\\/image\\\/\"},\"sameAs\":[\"https:\\\/\\\/www.facebook.com\\\/matraquinhaoficial\",\"https:\\\/\\\/www.instagram.com\\\/matraquinhaoficial\\\/\",\"https:\\\/\\\/www.youtube.com\\\/matraquinhaapp\"]},{\"@type\":\"Person\",\"@id\":\"https:\\\/\\\/www.matraquinha.com\\\/blog\\\/#\\\/schema\\\/person\\\/1e240d59f611399cf8b47cecc50ff22a\",\"name\":\"Wagner Yamuto\",\"sameAs\":[\"https:\\\/\\\/www.matraquinha.com.br\"],\"url\":\"https:\\\/\\\/www.matraquinha.com\\\/blog\\\/author\\\/wagner-y\\\/\"}]}<\/script>\n<!-- \/ Yoast SEO plugin. -->","yoast_head_json":{"title":"Compreendendo os Comportamentos Sensoriais em Crian\u00e7as Autistas - Blog da Matraquinha","description":"Explore os mist\u00e9rios por tr\u00e1s dos comportamentos sensoriais em crian\u00e7as autistas. Descubra estrat\u00e9gias eficazes para compreender e apoiar...","robots":{"index":"index","follow":"follow","max-snippet":"max-snippet:-1","max-image-preview":"max-image-preview:large","max-video-preview":"max-video-preview:-1"},"canonical":"https:\/\/www.matraquinha.com\/blog\/compreendendo-os-comportamentos-sensoriais-em-criancas-autistas\/","og_locale":"pt_BR","og_type":"article","og_title":"Compreendendo os Comportamentos Sensoriais em Crian\u00e7as Autistas - Blog da Matraquinha","og_description":"Explore os mist\u00e9rios por tr\u00e1s dos comportamentos sensoriais em crian\u00e7as autistas. Descubra estrat\u00e9gias eficazes para compreender e apoiar...","og_url":"https:\/\/www.matraquinha.com\/blog\/compreendendo-os-comportamentos-sensoriais-em-criancas-autistas\/","og_site_name":"Blog da Matraquinha","article_publisher":"https:\/\/www.facebook.com\/matraquinhaoficial","article_published_time":"2024-05-21T09:00:00+00:00","og_image":[{"width":1024,"height":576,"url":"https:\/\/www.matraquinha.com\/blog\/wp-content\/uploads\/2024\/05\/sensorial.jpg","type":"image\/jpeg"}],"author":"Wagner Yamuto","twitter_card":"summary_large_image","twitter_misc":{"Escrito por":"Wagner Yamuto","Est. tempo de leitura":"2 minutos"},"schema":{"@context":"https:\/\/schema.org","@graph":[{"@type":"Article","@id":"https:\/\/www.matraquinha.com\/blog\/compreendendo-os-comportamentos-sensoriais-em-criancas-autistas\/#article","isPartOf":{"@id":"https:\/\/www.matraquinha.com\/blog\/compreendendo-os-comportamentos-sensoriais-em-criancas-autistas\/"},"author":{"name":"Wagner Yamuto","@id":"https:\/\/www.matraquinha.com\/blog\/#\/schema\/person\/1e240d59f611399cf8b47cecc50ff22a"},"headline":"Compreendendo os Comportamentos Sensoriais em Crian\u00e7as Autistas","datePublished":"2024-05-21T09:00:00+00:00","mainEntityOfPage":{"@id":"https:\/\/www.matraquinha.com\/blog\/compreendendo-os-comportamentos-sensoriais-em-criancas-autistas\/"},"wordCount":374,"publisher":{"@id":"https:\/\/www.matraquinha.com\/blog\/#organization"},"image":{"@id":"https:\/\/www.matraquinha.com\/blog\/compreendendo-os-comportamentos-sensoriais-em-criancas-autistas\/#primaryimage"},"thumbnailUrl":"https:\/\/www.matraquinha.com\/blog\/wp-content\/uploads\/2024\/05\/sensorial.jpg","articleSection":["Artigos"],"inLanguage":"pt-BR"},{"@type":"WebPage","@id":"https:\/\/www.matraquinha.com\/blog\/compreendendo-os-comportamentos-sensoriais-em-criancas-autistas\/","url":"https:\/\/www.matraquinha.com\/blog\/compreendendo-os-comportamentos-sensoriais-em-criancas-autistas\/","name":"Compreendendo os Comportamentos Sensoriais em Crian\u00e7as Autistas - Blog da Matraquinha","isPartOf":{"@id":"https:\/\/www.matraquinha.com\/blog\/#website"},"primaryImageOfPage":{"@id":"https:\/\/www.matraquinha.com\/blog\/compreendendo-os-comportamentos-sensoriais-em-criancas-autistas\/#primaryimage"},"image":{"@id":"https:\/\/www.matraquinha.com\/blog\/compreendendo-os-comportamentos-sensoriais-em-criancas-autistas\/#primaryimage"},"thumbnailUrl":"https:\/\/www.matraquinha.com\/blog\/wp-content\/uploads\/2024\/05\/sensorial.jpg","datePublished":"2024-05-21T09:00:00+00:00","description":"Explore os mist\u00e9rios por tr\u00e1s dos comportamentos sensoriais em crian\u00e7as autistas. Descubra estrat\u00e9gias eficazes para compreender e apoiar...","breadcrumb":{"@id":"https:\/\/www.matraquinha.com\/blog\/compreendendo-os-comportamentos-sensoriais-em-criancas-autistas\/#breadcrumb"},"inLanguage":"pt-BR","potentialAction":[{"@type":"ReadAction","target":["https:\/\/www.matraquinha.com\/blog\/compreendendo-os-comportamentos-sensoriais-em-criancas-autistas\/"]}]},{"@type":"ImageObject","inLanguage":"pt-BR","@id":"https:\/\/www.matraquinha.com\/blog\/compreendendo-os-comportamentos-sensoriais-em-criancas-autistas\/#primaryimage","url":"https:\/\/www.matraquinha.com\/blog\/wp-content\/uploads\/2024\/05\/sensorial.jpg","contentUrl":"https:\/\/www.matraquinha.com\/blog\/wp-content\/uploads\/2024\/05\/sensorial.jpg","width":1024,"height":576},{"@type":"BreadcrumbList","@id":"https:\/\/www.matraquinha.com\/blog\/compreendendo-os-comportamentos-sensoriais-em-criancas-autistas\/#breadcrumb","itemListElement":[{"@type":"ListItem","position":1,"name":"In\u00edcio","item":"https:\/\/www.matraquinha.com\/blog\/"},{"@type":"ListItem","position":2,"name":"Compreendendo os Comportamentos Sensoriais em Crian\u00e7as Autistas"}]},{"@type":"WebSite","@id":"https:\/\/www.matraquinha.com\/blog\/#website","url":"https:\/\/www.matraquinha.com\/blog\/","name":"Blog da Matraquinha","description":"No blog da Matraquinha, voc\u00ea encontrar\u00e1 conte\u00fados enriquecedores e educativos para apoiar crian\u00e7as e adolescentes com autismo em sua jornada de comunica\u00e7\u00e3o e desenvolvimento.","publisher":{"@id":"https:\/\/www.matraquinha.com\/blog\/#organization"},"potentialAction":[{"@type":"SearchAction","target":{"@type":"EntryPoint","urlTemplate":"https:\/\/www.matraquinha.com\/blog\/?s={search_term_string}"},"query-input":{"@type":"PropertyValueSpecification","valueRequired":true,"valueName":"search_term_string"}}],"inLanguage":"pt-BR"},{"@type":"Organization","@id":"https:\/\/www.matraquinha.com\/blog\/#organization","name":"Blog da Matraquinha","url":"https:\/\/www.matraquinha.com\/blog\/","logo":{"@type":"ImageObject","inLanguage":"pt-BR","@id":"https:\/\/www.matraquinha.com\/blog\/#\/schema\/logo\/image\/","url":"https:\/\/www.matraquinha.com\/blog\/wp-content\/uploads\/2024\/04\/LogoMatraquinha19201080.png","contentUrl":"https:\/\/www.matraquinha.com\/blog\/wp-content\/uploads\/2024\/04\/LogoMatraquinha19201080.png","width":1920,"height":1080,"caption":"Blog da Matraquinha"},"image":{"@id":"https:\/\/www.matraquinha.com\/blog\/#\/schema\/logo\/image\/"},"sameAs":["https:\/\/www.facebook.com\/matraquinhaoficial","https:\/\/www.instagram.com\/matraquinhaoficial\/","https:\/\/www.youtube.com\/matraquinhaapp"]},{"@type":"Person","@id":"https:\/\/www.matraquinha.com\/blog\/#\/schema\/person\/1e240d59f611399cf8b47cecc50ff22a","name":"Wagner Yamuto","sameAs":["https:\/\/www.matraquinha.com.br"],"url":"https:\/\/www.matraquinha.com\/blog\/author\/wagner-y\/"}]}},"_links":{"self":[{"href":"https:\/\/www.matraquinha.com\/blog\/wp-json\/wp\/v2\/posts\/77","targetHints":{"allow":["GET"]}}],"collection":[{"href":"https:\/\/www.matraquinha.com\/blog\/wp-json\/wp\/v2\/posts"}],"about":[{"href":"https:\/\/www.matraquinha.com\/blog\/wp-json\/wp\/v2\/types\/post"}],"author":[{"embeddable":true,"href":"https:\/\/www.matraquinha.com\/blog\/wp-json\/wp\/v2\/users\/2"}],"replies":[{"embeddable":true,"href":"https:\/\/www.matraquinha.com\/blog\/wp-json\/wp\/v2\/comments?post=77"}],"version-history":[{"count":1,"href":"https:\/\/www.matraquinha.com\/blog\/wp-json\/wp\/v2\/posts\/77\/revisions"}],"predecessor-version":[{"id":79,"href":"https:\/\/www.matraquinha.com\/blog\/wp-json\/wp\/v2\/posts\/77\/revisions\/79"}],"wp:featuredmedia":[{"embeddable":true,"href":"https:\/\/www.matraquinha.com\/blog\/wp-json\/wp\/v2\/media\/78"}],"wp:attachment":[{"href":"https:\/\/www.matraquinha.com\/blog\/wp-json\/wp\/v2\/media?parent=77"}],"wp:term":[{"taxonomy":"category","embeddable":true,"href":"https:\/\/www.matraquinha.com\/blog\/wp-json\/wp\/v2\/categories?post=77"},{"taxonomy":"post_tag","embeddable":true,"href":"https:\/\/www.matraquinha.com\/blog\/wp-json\/wp\/v2\/tags?post=77"}],"curies":[{"name":"wp","href":"https:\/\/api.w.org\/{rel}","templated":true}]}}